{"id":32567,"date":"2026-04-02T13:35:33","date_gmt":"2026-04-02T11:35:33","guid":{"rendered":"https:\/\/otif.org\/fr\/?post_type=news-pr&#038;p=32567"},"modified":"2026-04-02T14:15:12","modified_gmt":"2026-04-02T12:15:12","slug":"visite-de-courtoisie-du-nouveau-representant-permanent-de-lespagne","status":"publish","type":"news-pr","link":"https:\/\/otif.org\/fr\/?news-pr=visite-de-courtoisie-du-nouveau-representant-permanent-de-lespagne","title":{"rendered":"Visite de courtoisie du nouveau repr\u00e9sentant permanent de l\u2019Espagne"},"content":{"rendered":"<p>R\u00e9cemment nomm\u00e9 repr\u00e9sentant permanent de l\u2019Espagne aupr\u00e8s de l\u2019OTIF en remplacement de M<sup>me<\/sup> Nu\u00f1o, M. Mora Benavente est venu rencontrer M. Kuzmenko, Secr\u00e9taire g\u00e9n\u00e9ral de l\u2019Organisation.<\/p>\n<p>&nbsp;<\/p>\n<p>\u00c0 l\u2019occasion de cette visite de courtoisie, le Secr\u00e9taire g\u00e9n\u00e9ral de l\u2019OTIF a salu\u00e9 cette nomination qui permet le maintien d\u2019une liaison continue entre l\u2019Espagne et l\u2019OTIF.<\/p>\n<p>&nbsp;<\/p>\n<p>Le Secr\u00e9taire g\u00e9n\u00e9ral de l\u2019OTIF renouvelle \u00e0 M. Mora Benavente l\u2019assurance de sa tr\u00e8s haute consid\u00e9ration.<\/p>\n","protected":false},"featured_media":0,"template":"","class_list":["post-32567","news-pr","type-news-pr","status-publish","hentry"],"yoast_head":"<!-- This site is optimized with the Yoast SEO plugin v23.3 - https:\/\/yoast.com\/wordpress\/plugins\/seo\/ -->\n<title>Visite de courtoisie du nouveau repr\u00e9sentant permanent de l\u2019Espagne &#187; OTIF<\/title>\n<meta name=\"robots\" content=\"index, follow, max-snippet:-1, max-image-preview:large, max-video-preview:-1\" \/>\n<link rel=\"canonical\" href=\"https:\/\/otif.org\/fr\/?news-pr=visite-de-courtoisie-du-nouveau-representant-permanent-de-lespagne\" \/>\n<meta property=\"og:locale\" content=\"fr_FR\" \/>\n<meta property=\"og:type\" content=\"article\" \/>\n<meta property=\"og:title\" content=\"Visite de courtoisie du nouveau repr\u00e9sentant permanent de l\u2019Espagne &#187; OTIF\" \/>\n<meta property=\"og:description\" content=\"R\u00e9cemment nomm\u00e9 repr\u00e9sentant permanent de l\u2019Espagne aupr\u00e8s de l\u2019OTIF en remplacement de Mme Nu\u00f1o, M. Mora Benavente est venu rencontrer M. Kuzmenko, Secr\u00e9taire g\u00e9n\u00e9ral de l\u2019Organisation. &nbsp; \u00c0 l\u2019occasion de [&hellip;]\" \/>\n<meta property=\"og:url\" content=\"https:\/\/otif.org\/fr\/?news-pr=visite-de-courtoisie-du-nouveau-representant-permanent-de-lespagne\" \/>\n<meta property=\"og:site_name\" content=\"OTIF\" \/>\n<meta property=\"article:modified_time\" content=\"2026-04-02T12:15:12+00:00\" \/>\n<meta name=\"twitter:card\" content=\"summary_large_image\" \/>\n<meta name=\"twitter:label1\" content=\"Dur\u00e9e de lecture estim\u00e9e\" \/>\n\t<meta name=\"twitter:data1\" content=\"1 minute\" \/>\n<script type=\"application\/ld+json\" class=\"yoast-schema-graph\">{\"@context\":\"https:\/\/schema.org\",\"@graph\":[{\"@type\":\"WebPage\",\"@id\":\"https:\/\/otif.org\/fr\/?news-pr=visite-de-courtoisie-du-nouveau-representant-permanent-de-lespagne\",\"url\":\"https:\/\/otif.org\/fr\/?news-pr=visite-de-courtoisie-du-nouveau-representant-permanent-de-lespagne\",\"name\":\"Visite de courtoisie du nouveau repr\u00e9sentant permanent de l\u2019Espagne &#187; OTIF\",\"isPartOf\":{\"@id\":\"https:\/\/otif.org\/fr\/#website\"},\"datePublished\":\"2026-04-02T11:35:33+00:00\",\"dateModified\":\"2026-04-02T12:15:12+00:00\",\"breadcrumb\":{\"@id\":\"https:\/\/otif.org\/fr\/?news-pr=visite-de-courtoisie-du-nouveau-representant-permanent-de-lespagne#breadcrumb\"},\"inLanguage\":\"fr-FR\",\"potentialAction\":[{\"@type\":\"ReadAction\",\"target\":[\"https:\/\/otif.org\/fr\/?news-pr=visite-de-courtoisie-du-nouveau-representant-permanent-de-lespagne\"]}]},{\"@type\":\"BreadcrumbList\",\"@id\":\"https:\/\/otif.org\/fr\/?news-pr=visite-de-courtoisie-du-nouveau-representant-permanent-de-lespagne#breadcrumb\",\"itemListElement\":[{\"@type\":\"ListItem\",\"position\":1,\"name\":\"Accueil\",\"item\":\"https:\/\/otif.org\/fr\/\"},{\"@type\":\"ListItem\",\"position\":2,\"name\":\"News-PR\",\"item\":\"https:\/\/otif.org\/fr\/?post_type=news-pr\"},{\"@type\":\"ListItem\",\"position\":3,\"name\":\"Visite de courtoisie du nouveau repr\u00e9sentant permanent de l\u2019Espagne\"}]},{\"@type\":\"WebSite\",\"@id\":\"https:\/\/otif.org\/fr\/#website\",\"url\":\"https:\/\/otif.org\/fr\/\",\"name\":\"OTIF - Intergovernmental Organisation for International Carriage by Rail\",\"description\":\"Intergovernmental Organisation for International Carriage by Rail\",\"publisher\":{\"@id\":\"https:\/\/otif.org\/fr\/#organization\"},\"potentialAction\":[{\"@type\":\"SearchAction\",\"target\":{\"@type\":\"EntryPoint\",\"urlTemplate\":\"https:\/\/otif.org\/fr\/?s={search_term_string}\"},\"query-input\":\"required name=search_term_string\"}],\"inLanguage\":\"fr-FR\"},{\"@type\":\"Organization\",\"@id\":\"https:\/\/otif.org\/fr\/#organization\",\"name\":\"OTIF - Intergovernmental Organisation for International Carriage by Rail\",\"url\":\"https:\/\/otif.org\/fr\/\",\"logo\":{\"@type\":\"ImageObject\",\"inLanguage\":\"fr-FR\",\"@id\":\"https:\/\/otif.org\/fr\/#\/schema\/logo\/image\/\",\"url\":\"https:\/\/otif.org\/fr\/wp-content\/uploads\/2024\/08\/logo-White.png\",\"contentUrl\":\"https:\/\/otif.org\/fr\/wp-content\/uploads\/2024\/08\/logo-White.png\",\"width\":216,\"height\":280,\"caption\":\"OTIF - Intergovernmental Organisation for International Carriage by Rail\"},\"image\":{\"@id\":\"https:\/\/otif.org\/fr\/#\/schema\/logo\/image\/\"}}]}<\/script>\n<!-- \/ Yoast SEO plugin. -->","yoast_head_json":{"title":"Visite de courtoisie du nouveau repr\u00e9sentant permanent de l\u2019Espagne &#187; OTIF","robots":{"index":"index","follow":"follow","max-snippet":"max-snippet:-1","max-image-preview":"max-image-preview:large","max-video-preview":"max-video-preview:-1"},"canonical":"https:\/\/otif.org\/fr\/?news-pr=visite-de-courtoisie-du-nouveau-representant-permanent-de-lespagne","og_locale":"fr_FR","og_type":"article","og_title":"Visite de courtoisie du nouveau repr\u00e9sentant permanent de l\u2019Espagne &#187; OTIF","og_description":"R\u00e9cemment nomm\u00e9 repr\u00e9sentant permanent de l\u2019Espagne aupr\u00e8s de l\u2019OTIF en remplacement de Mme Nu\u00f1o, M. Mora Benavente est venu rencontrer M. Kuzmenko, Secr\u00e9taire g\u00e9n\u00e9ral de l\u2019Organisation. &nbsp; \u00c0 l\u2019occasion de [&hellip;]","og_url":"https:\/\/otif.org\/fr\/?news-pr=visite-de-courtoisie-du-nouveau-representant-permanent-de-lespagne","og_site_name":"OTIF","article_modified_time":"2026-04-02T12:15:12+00:00","twitter_card":"summary_large_image","twitter_misc":{"Dur\u00e9e de lecture estim\u00e9e":"1 minute"},"schema":{"@context":"https:\/\/schema.org","@graph":[{"@type":"WebPage","@id":"https:\/\/otif.org\/fr\/?news-pr=visite-de-courtoisie-du-nouveau-representant-permanent-de-lespagne","url":"https:\/\/otif.org\/fr\/?news-pr=visite-de-courtoisie-du-nouveau-representant-permanent-de-lespagne","name":"Visite de courtoisie du nouveau repr\u00e9sentant permanent de l\u2019Espagne &#187; OTIF","isPartOf":{"@id":"https:\/\/otif.org\/fr\/#website"},"datePublished":"2026-04-02T11:35:33+00:00","dateModified":"2026-04-02T12:15:12+00:00","breadcrumb":{"@id":"https:\/\/otif.org\/fr\/?news-pr=visite-de-courtoisie-du-nouveau-representant-permanent-de-lespagne#breadcrumb"},"inLanguage":"fr-FR","potentialAction":[{"@type":"ReadAction","target":["https:\/\/otif.org\/fr\/?news-pr=visite-de-courtoisie-du-nouveau-representant-permanent-de-lespagne"]}]},{"@type":"BreadcrumbList","@id":"https:\/\/otif.org\/fr\/?news-pr=visite-de-courtoisie-du-nouveau-representant-permanent-de-lespagne#breadcrumb","itemListElement":[{"@type":"ListItem","position":1,"name":"Accueil","item":"https:\/\/otif.org\/fr\/"},{"@type":"ListItem","position":2,"name":"News-PR","item":"https:\/\/otif.org\/fr\/?post_type=news-pr"},{"@type":"ListItem","position":3,"name":"Visite de courtoisie du nouveau repr\u00e9sentant permanent de l\u2019Espagne"}]},{"@type":"WebSite","@id":"https:\/\/otif.org\/fr\/#website","url":"https:\/\/otif.org\/fr\/","name":"OTIF - Intergovernmental Organisation for International Carriage by Rail","description":"Intergovernmental Organisation for International Carriage by Rail","publisher":{"@id":"https:\/\/otif.org\/fr\/#organization"},"potentialAction":[{"@type":"SearchAction","target":{"@type":"EntryPoint","urlTemplate":"https:\/\/otif.org\/fr\/?s={search_term_string}"},"query-input":"required name=search_term_string"}],"inLanguage":"fr-FR"},{"@type":"Organization","@id":"https:\/\/otif.org\/fr\/#organization","name":"OTIF - Intergovernmental Organisation for International Carriage by Rail","url":"https:\/\/otif.org\/fr\/","logo":{"@type":"ImageObject","inLanguage":"fr-FR","@id":"https:\/\/otif.org\/fr\/#\/schema\/logo\/image\/","url":"https:\/\/otif.org\/fr\/wp-content\/uploads\/2024\/08\/logo-White.png","contentUrl":"https:\/\/otif.org\/fr\/wp-content\/uploads\/2024\/08\/logo-White.png","width":216,"height":280,"caption":"OTIF - Intergovernmental Organisation for International Carriage by Rail"},"image":{"@id":"https:\/\/otif.org\/fr\/#\/schema\/logo\/image\/"}}]}},"_links":{"self":[{"href":"https:\/\/otif.org\/fr\/index.php?rest_route=\/wp\/v2\/news-pr\/32567","targetHints":{"allow":["GET"]}}],"collection":[{"href":"https:\/\/otif.org\/fr\/index.php?rest_route=\/wp\/v2\/news-pr"}],"about":[{"href":"https:\/\/otif.org\/fr\/index.php?rest_route=\/wp\/v2\/types\/news-pr"}],"wp:attachment":[{"href":"https:\/\/otif.org\/fr\/index.php?rest_route=%2Fwp%2Fv2%2Fmedia&parent=32567"}],"curies":[{"name":"wp","href":"https:\/\/api.w.org\/{rel}","templated":true}]}}