{"id":32565,"date":"2026-03-31T09:47:39","date_gmt":"2026-03-31T07:47:39","guid":{"rendered":"https:\/\/otif.org\/fr\/?post_type=news-pr&#038;p=32565"},"modified":"2026-03-31T09:47:39","modified_gmt":"2026-03-31T07:47:39","slug":"visite-de-courtoisie-5","status":"publish","type":"news-pr","link":"https:\/\/otif.org\/fr\/?news-pr=visite-de-courtoisie-5","title":{"rendered":"Visite de courtoisie"},"content":{"rendered":"<p>R\u00e9cemment d\u00e9sign\u00e9, M. Marek Prawda souhaitait se pr\u00e9senter.<\/p>\n<p>&nbsp;<\/p>\n<p>M.<sup>. <\/sup>Prawda et M.\u00a0Kuzmenko ont notamment \u00e9chang\u00e9 sur les enjeux actuels, sur les perspectives de d\u00e9veloppement du transport ferroviaire international, ainsi que sur la mise en \u0153uvre de la Convention relative aux transports internationaux ferroviaires (COTIF) et sur le r\u00f4le de l\u2019OTIF.<\/p>\n<p>&nbsp;<\/p>\n<p>Le Secr\u00e9taire g\u00e9n\u00e9ral se f\u00e9licite de cette visite et remercie M. Prawda pour cet \u00e9change.<\/p>\n","protected":false},"featured_media":0,"template":"","class_list":["post-32565","news-pr","type-news-pr","status-publish","hentry"],"yoast_head":"<!-- This site is optimized with the Yoast SEO plugin v23.3 - https:\/\/yoast.com\/wordpress\/plugins\/seo\/ -->\n<title>Visite de courtoisie &#187; OTIF<\/title>\n<meta name=\"robots\" content=\"index, follow, max-snippet:-1, max-image-preview:large, max-video-preview:-1\" \/>\n<link rel=\"canonical\" href=\"https:\/\/otif.org\/fr\/?news-pr=visite-de-courtoisie-5\" \/>\n<meta property=\"og:locale\" content=\"fr_FR\" \/>\n<meta property=\"og:type\" content=\"article\" \/>\n<meta property=\"og:title\" content=\"Visite de courtoisie &#187; OTIF\" \/>\n<meta property=\"og:description\" content=\"R\u00e9cemment d\u00e9sign\u00e9, M. Marek Prawda souhaitait se pr\u00e9senter. &nbsp; M.. Prawda et M.\u00a0Kuzmenko ont notamment \u00e9chang\u00e9 sur les enjeux actuels, sur les perspectives de d\u00e9veloppement du transport ferroviaire international, ainsi [&hellip;]\" \/>\n<meta property=\"og:url\" content=\"https:\/\/otif.org\/fr\/?news-pr=visite-de-courtoisie-5\" \/>\n<meta property=\"og:site_name\" content=\"OTIF\" \/>\n<meta name=\"twitter:card\" content=\"summary_large_image\" \/>\n<meta name=\"twitter:label1\" content=\"Dur\u00e9e de lecture estim\u00e9e\" \/>\n\t<meta name=\"twitter:data1\" content=\"1 minute\" \/>\n<script type=\"application\/ld+json\" class=\"yoast-schema-graph\">{\"@context\":\"https:\/\/schema.org\",\"@graph\":[{\"@type\":\"WebPage\",\"@id\":\"https:\/\/otif.org\/fr\/?news-pr=visite-de-courtoisie-5\",\"url\":\"https:\/\/otif.org\/fr\/?news-pr=visite-de-courtoisie-5\",\"name\":\"Visite de courtoisie &#187; OTIF\",\"isPartOf\":{\"@id\":\"https:\/\/otif.org\/fr\/#website\"},\"datePublished\":\"2026-03-31T07:47:39+00:00\",\"dateModified\":\"2026-03-31T07:47:39+00:00\",\"breadcrumb\":{\"@id\":\"https:\/\/otif.org\/fr\/?news-pr=visite-de-courtoisie-5#breadcrumb\"},\"inLanguage\":\"fr-FR\",\"potentialAction\":[{\"@type\":\"ReadAction\",\"target\":[\"https:\/\/otif.org\/fr\/?news-pr=visite-de-courtoisie-5\"]}]},{\"@type\":\"BreadcrumbList\",\"@id\":\"https:\/\/otif.org\/fr\/?news-pr=visite-de-courtoisie-5#breadcrumb\",\"itemListElement\":[{\"@type\":\"ListItem\",\"position\":1,\"name\":\"Accueil\",\"item\":\"https:\/\/otif.org\/fr\/\"},{\"@type\":\"ListItem\",\"position\":2,\"name\":\"News-PR\",\"item\":\"https:\/\/otif.org\/fr\/?post_type=news-pr\"},{\"@type\":\"ListItem\",\"position\":3,\"name\":\"Visite de courtoisie\"}]},{\"@type\":\"WebSite\",\"@id\":\"https:\/\/otif.org\/fr\/#website\",\"url\":\"https:\/\/otif.org\/fr\/\",\"name\":\"OTIF - Intergovernmental Organisation for International Carriage by Rail\",\"description\":\"Intergovernmental Organisation for International Carriage by Rail\",\"publisher\":{\"@id\":\"https:\/\/otif.org\/fr\/#organization\"},\"potentialAction\":[{\"@type\":\"SearchAction\",\"target\":{\"@type\":\"EntryPoint\",\"urlTemplate\":\"https:\/\/otif.org\/fr\/?s={search_term_string}\"},\"query-input\":\"required name=search_term_string\"}],\"inLanguage\":\"fr-FR\"},{\"@type\":\"Organization\",\"@id\":\"https:\/\/otif.org\/fr\/#organization\",\"name\":\"OTIF - Intergovernmental Organisation for International Carriage by Rail\",\"url\":\"https:\/\/otif.org\/fr\/\",\"logo\":{\"@type\":\"ImageObject\",\"inLanguage\":\"fr-FR\",\"@id\":\"https:\/\/otif.org\/fr\/#\/schema\/logo\/image\/\",\"url\":\"https:\/\/otif.org\/fr\/wp-content\/uploads\/2024\/08\/logo-White.png\",\"contentUrl\":\"https:\/\/otif.org\/fr\/wp-content\/uploads\/2024\/08\/logo-White.png\",\"width\":216,\"height\":280,\"caption\":\"OTIF - Intergovernmental Organisation for International Carriage by Rail\"},\"image\":{\"@id\":\"https:\/\/otif.org\/fr\/#\/schema\/logo\/image\/\"}}]}<\/script>\n<!-- \/ Yoast SEO plugin. -->","yoast_head_json":{"title":"Visite de courtoisie &#187; OTIF","robots":{"index":"index","follow":"follow","max-snippet":"max-snippet:-1","max-image-preview":"max-image-preview:large","max-video-preview":"max-video-preview:-1"},"canonical":"https:\/\/otif.org\/fr\/?news-pr=visite-de-courtoisie-5","og_locale":"fr_FR","og_type":"article","og_title":"Visite de courtoisie &#187; OTIF","og_description":"R\u00e9cemment d\u00e9sign\u00e9, M. Marek Prawda souhaitait se pr\u00e9senter. &nbsp; M.. Prawda et M.\u00a0Kuzmenko ont notamment \u00e9chang\u00e9 sur les enjeux actuels, sur les perspectives de d\u00e9veloppement du transport ferroviaire international, ainsi [&hellip;]","og_url":"https:\/\/otif.org\/fr\/?news-pr=visite-de-courtoisie-5","og_site_name":"OTIF","twitter_card":"summary_large_image","twitter_misc":{"Dur\u00e9e de lecture estim\u00e9e":"1 minute"},"schema":{"@context":"https:\/\/schema.org","@graph":[{"@type":"WebPage","@id":"https:\/\/otif.org\/fr\/?news-pr=visite-de-courtoisie-5","url":"https:\/\/otif.org\/fr\/?news-pr=visite-de-courtoisie-5","name":"Visite de courtoisie &#187; OTIF","isPartOf":{"@id":"https:\/\/otif.org\/fr\/#website"},"datePublished":"2026-03-31T07:47:39+00:00","dateModified":"2026-03-31T07:47:39+00:00","breadcrumb":{"@id":"https:\/\/otif.org\/fr\/?news-pr=visite-de-courtoisie-5#breadcrumb"},"inLanguage":"fr-FR","potentialAction":[{"@type":"ReadAction","target":["https:\/\/otif.org\/fr\/?news-pr=visite-de-courtoisie-5"]}]},{"@type":"BreadcrumbList","@id":"https:\/\/otif.org\/fr\/?news-pr=visite-de-courtoisie-5#breadcrumb","itemListElement":[{"@type":"ListItem","position":1,"name":"Accueil","item":"https:\/\/otif.org\/fr\/"},{"@type":"ListItem","position":2,"name":"News-PR","item":"https:\/\/otif.org\/fr\/?post_type=news-pr"},{"@type":"ListItem","position":3,"name":"Visite de courtoisie"}]},{"@type":"WebSite","@id":"https:\/\/otif.org\/fr\/#website","url":"https:\/\/otif.org\/fr\/","name":"OTIF - Intergovernmental Organisation for International Carriage by Rail","description":"Intergovernmental Organisation for International Carriage by Rail","publisher":{"@id":"https:\/\/otif.org\/fr\/#organization"},"potentialAction":[{"@type":"SearchAction","target":{"@type":"EntryPoint","urlTemplate":"https:\/\/otif.org\/fr\/?s={search_term_string}"},"query-input":"required name=search_term_string"}],"inLanguage":"fr-FR"},{"@type":"Organization","@id":"https:\/\/otif.org\/fr\/#organization","name":"OTIF - Intergovernmental Organisation for International Carriage by Rail","url":"https:\/\/otif.org\/fr\/","logo":{"@type":"ImageObject","inLanguage":"fr-FR","@id":"https:\/\/otif.org\/fr\/#\/schema\/logo\/image\/","url":"https:\/\/otif.org\/fr\/wp-content\/uploads\/2024\/08\/logo-White.png","contentUrl":"https:\/\/otif.org\/fr\/wp-content\/uploads\/2024\/08\/logo-White.png","width":216,"height":280,"caption":"OTIF - Intergovernmental Organisation for International Carriage by Rail"},"image":{"@id":"https:\/\/otif.org\/fr\/#\/schema\/logo\/image\/"}}]}},"_links":{"self":[{"href":"https:\/\/otif.org\/fr\/index.php?rest_route=\/wp\/v2\/news-pr\/32565","targetHints":{"allow":["GET"]}}],"collection":[{"href":"https:\/\/otif.org\/fr\/index.php?rest_route=\/wp\/v2\/news-pr"}],"about":[{"href":"https:\/\/otif.org\/fr\/index.php?rest_route=\/wp\/v2\/types\/news-pr"}],"wp:attachment":[{"href":"https:\/\/otif.org\/fr\/index.php?rest_route=%2Fwp%2Fv2%2Fmedia&parent=32565"}],"curies":[{"name":"wp","href":"https:\/\/api.w.org\/{rel}","templated":true}]}}